{"id":3255,"date":"2026-03-10T10:10:09","date_gmt":"2026-03-10T09:10:09","guid":{"rendered":"https:\/\/exec.fr\/?p=3255"},"modified":"2026-03-27T14:28:06","modified_gmt":"2026-03-27T13:28:06","slug":"penurie-et-hausse-des-prix-de-la-memoire-et-du-stockage","status":"publish","type":"post","link":"https:\/\/exec.fr\/?p=3255","title":{"rendered":"P\u00e9nurie et hausse des prix de la m\u00e9moire (et du stockage)"},"content":{"rendered":"\t\t<div data-elementor-type=\"wp-post\" data-elementor-id=\"3255\" class=\"elementor elementor-3255\" data-elementor-settings=\"[]\">\n\t\t\t\t\t\t<div class=\"elementor-inner\">\n\t\t\t\t\t\t\t<div class=\"elementor-section-wrap\">\n\t\t\t\t\t\t\t<section class=\"elementor-section elementor-top-section elementor-element elementor-element-4fe98b18 elementor-section-boxed elementor-section-height-default elementor-section-height-default\" data-id=\"4fe98b18\" data-element_type=\"section\">\n\t\t\t\t\t\t<div class=\"elementor-container elementor-column-gap-default\">\n\t\t\t\t\t\t\t<div class=\"elementor-row\">\n\t\t\t\t\t<div class=\"elementor-column elementor-col-100 elementor-top-column elementor-element elementor-element-f585f3f\" data-id=\"f585f3f\" data-element_type=\"column\">\n\t\t\t<div class=\"elementor-column-wrap elementor-element-populated\">\n\t\t\t\t\t\t\t<div class=\"elementor-widget-wrap\">\n\t\t\t\t\t\t<div class=\"elementor-element elementor-element-42ccc0e2 elementor-widget elementor-widget-text-editor\" data-id=\"42ccc0e2\" data-element_type=\"widget\" data-widget_type=\"text-editor.default\">\n\t\t\t\t<div class=\"elementor-widget-container\">\n\t\t\t\t\t<div class=\"elementor-text-editor elementor-clearfix\"><p>Retrouver ci apr\u00e8s cet article pour comprendre cette inflation ahurissante sur le prix des composants informatiques qui engendre une hausse de prix des postes, serveurs, consoles, t\u00e9l\u00e9phones et par effet de bord les services cloud.<\/p>\n<p><a href=\"https:\/\/www.frandroid.com\/produits-android\/2912661_hausse-des-prix-delais-rallonges-et-penurie-tout-ce-quil-faut-comprendre-de-la-crise-de-la-ram\">https:\/\/www.frandroid.com\/produits-android\/2912661_hausse-des-prix-delais-rallonges-et-penurie-tout-ce-quil-faut-comprendre-de-la-crise-de-la-ram<\/a><\/p>\n<p>Le plus pr\u00e9occupant reste que la situation pourrait perdurer jusqu\u2019en 2028 :<\/p>\n<p><a href=\"https:\/\/www.blog-nouvelles-technologies.fr\/361715\/analyse-counterpoint-prix-memoire-supercycle-ia-2027\/\" target=\"_blank\">https:\/\/www.blog-nouvelles-technologies.fr\/361715\/analyse-counterpoint-prix-memoire-supercycle-ia-2027\/<\/a><\/p>\n<p><a href=\"https:\/\/www.blog-nouvelles-technologies.fr\/361715\/analyse-counterpoint-prix-memoire-supercycle-ia-2027\/https:\/\/www.blog-nouvelles-technologies.fr\/361715\/analyse-counterpoint-prix-memoire-supercycle-ia-2027\/\" target=\"_blank\">https:\/\/www.clubic.com\/actualite-605218-apres-les-serveurs-ia-micron-annonce-que-la-robotique-et-les-voitures-autonomes-pourraient-s-approprier-toute-la-ram.html<\/a><\/p>\n<p><img loading=\"lazy\" class=\"size-full wp-image-3256\" src=\"https:\/\/exec.fr\/wp-content\/uploads\/2026\/03\/1772750024131.jpg\" alt=\"\" width=\"800\" height=\"436\" srcset=\"https:\/\/exec.fr\/wp-content\/uploads\/2026\/03\/1772750024131.jpg 800w, https:\/\/exec.fr\/wp-content\/uploads\/2026\/03\/1772750024131-300x164.jpg 300w, https:\/\/exec.fr\/wp-content\/uploads\/2026\/03\/1772750024131-768x419.jpg 768w, https:\/\/exec.fr\/wp-content\/uploads\/2026\/03\/1772750024131-570x311.jpg 570w\" sizes=\"(max-width: 800px) 100vw, 800px\" \/><\/p><\/div>\n\t\t\t\t<\/div>\n\t\t\t\t<\/div>\n\t\t\t\t\t\t<\/div>\n\t\t\t\t\t<\/div>\n\t\t<\/div>\n\t\t\t\t\t\t\t\t<\/div>\n\t\t\t\t\t<\/div>\n\t\t<\/section>\n\t\t\t\t\t\t<\/div>\n\t\t\t\t\t\t<\/div>\n\t\t\t\t\t<\/div>\n\t\t","protected":false},"excerpt":{"rendered":"<p>Retrouver ci apr\u00e8s cet article pour comprendre cette inflation ahurissante sur le prix des composants informatiques qui engendre une hausse de prix des postes, serveurs, consoles, t\u00e9l\u00e9phones et par effet de bord les services cloud. https:\/\/www.frandroid.com\/produits-android\/2912661_hausse-des-prix-delais-rallonges-et-penurie-tout-ce-quil-faut-comprendre-de-la-crise-de-la-ram Le plus pr\u00e9occupant reste que la situation pourrait perdurer jusqu\u2019en 2028 : https:\/\/www.blog-nouvelles-technologies.fr\/361715\/analyse-counterpoint-prix-memoire-supercycle-ia-2027\/ https:\/\/www.clubic.com\/actualite-605218-apres-les-serveurs-ia-micron-annonce-que-la-robotique-et-les-voitures-autonomes-pourraient-s-approprier-toute-la-ram.html<\/p>\n","protected":false},"author":1,"featured_media":3256,"comment_status":"open","ping_status":"open","sticky":false,"template":"","format":"aside","meta":[],"categories":[20,22],"tags":[],"yoast_head":"<!-- This site is optimized with the Yoast SEO plugin v18.4.1 - https:\/\/yoast.com\/wordpress\/plugins\/seo\/ -->\n<title>P\u00e9nurie et hausse des prix de la m\u00e9moire (et du stockage) - EXEC<\/title>\n<meta name=\"description\" content=\"hausse tarif m\u00e9moire composants barrettes\" \/>\n<meta name=\"robots\" content=\"index, follow, max-snippet:-1, max-image-preview:large, max-video-preview:-1\" \/>\n<link rel=\"canonical\" href=\"https:\/\/exec.fr\/?p=3255\" \/>\n<meta property=\"og:locale\" content=\"fr_FR\" \/>\n<meta property=\"og:type\" content=\"article\" \/>\n<meta property=\"og:title\" content=\"P\u00e9nurie et hausse des prix de la m\u00e9moire (et du stockage) - EXEC\" \/>\n<meta property=\"og:description\" content=\"hausse tarif m\u00e9moire composants barrettes\" \/>\n<meta property=\"og:url\" content=\"https:\/\/exec.fr\/?p=3255\" \/>\n<meta property=\"og:site_name\" content=\"EXEC\" \/>\n<meta property=\"article:published_time\" content=\"2026-03-10T09:10:09+00:00\" \/>\n<meta property=\"article:modified_time\" content=\"2026-03-27T13:28:06+00:00\" \/>\n<meta property=\"og:image\" content=\"https:\/\/exec.fr\/wp-content\/uploads\/2026\/03\/1772750024131.jpg\" \/>\n\t<meta property=\"og:image:width\" content=\"800\" \/>\n\t<meta property=\"og:image:height\" content=\"436\" \/>\n\t<meta property=\"og:image:type\" content=\"image\/jpeg\" \/>\n<meta name=\"twitter:card\" content=\"summary_large_image\" \/>\n<meta name=\"twitter:label1\" content=\"\u00c9crit par\" \/>\n\t<meta name=\"twitter:data1\" content=\"Jeff\" \/>\n\t<meta name=\"twitter:label2\" content=\"Dur\u00e9e de lecture estim\u00e9e\" \/>\n\t<meta name=\"twitter:data2\" content=\"1 minute\" \/>\n<script type=\"application\/ld+json\" class=\"yoast-schema-graph\">{\"@context\":\"https:\/\/schema.org\",\"@graph\":[{\"@type\":\"Organization\",\"@id\":\"https:\/\/exec.fr\/#organization\",\"name\":\"EXEC\",\"url\":\"https:\/\/exec.fr\/\",\"sameAs\":[],\"logo\":{\"@type\":\"ImageObject\",\"@id\":\"https:\/\/exec.fr\/#logo\",\"inLanguage\":\"fr-FR\",\"url\":\"https:\/\/exec.fr\/wp-content\/uploads\/2018\/03\/execlogo.png\",\"contentUrl\":\"https:\/\/exec.fr\/wp-content\/uploads\/2018\/03\/execlogo.png\",\"width\":315,\"height\":222,\"caption\":\"EXEC\"},\"image\":{\"@id\":\"https:\/\/exec.fr\/#logo\"}},{\"@type\":\"WebSite\",\"@id\":\"https:\/\/exec.fr\/#website\",\"url\":\"https:\/\/exec.fr\/\",\"name\":\"EXEC\",\"description\":\"Prestataire informatique PME | Infrastructure IT, Services Manag\u00e9s, Infog\u00e9rance, Cloud &amp; Cybers\u00e9curit\u00e9 \u2013 EXEC\",\"publisher\":{\"@id\":\"https:\/\/exec.fr\/#organization\"},\"potentialAction\":[{\"@type\":\"SearchAction\",\"target\":{\"@type\":\"EntryPoint\",\"urlTemplate\":\"https:\/\/exec.fr\/?s={search_term_string}\"},\"query-input\":\"required name=search_term_string\"}],\"inLanguage\":\"fr-FR\"},{\"@type\":\"ImageObject\",\"@id\":\"https:\/\/exec.fr\/?p=3255#primaryimage\",\"inLanguage\":\"fr-FR\",\"url\":\"https:\/\/exec.fr\/wp-content\/uploads\/2026\/03\/1772750024131.jpg\",\"contentUrl\":\"https:\/\/exec.fr\/wp-content\/uploads\/2026\/03\/1772750024131.jpg\",\"width\":800,\"height\":436,\"caption\":\"Inflation de la RAM\"},{\"@type\":\"WebPage\",\"@id\":\"https:\/\/exec.fr\/?p=3255#webpage\",\"url\":\"https:\/\/exec.fr\/?p=3255\",\"name\":\"P\u00e9nurie et hausse des prix de la m\u00e9moire (et du stockage) - EXEC\",\"isPartOf\":{\"@id\":\"https:\/\/exec.fr\/#website\"},\"primaryImageOfPage\":{\"@id\":\"https:\/\/exec.fr\/?p=3255#primaryimage\"},\"datePublished\":\"2026-03-10T09:10:09+00:00\",\"dateModified\":\"2026-03-27T13:28:06+00:00\",\"description\":\"hausse tarif m\u00e9moire composants barrettes\",\"breadcrumb\":{\"@id\":\"https:\/\/exec.fr\/?p=3255#breadcrumb\"},\"inLanguage\":\"fr-FR\",\"potentialAction\":[{\"@type\":\"ReadAction\",\"target\":[\"https:\/\/exec.fr\/?p=3255\"]}]},{\"@type\":\"BreadcrumbList\",\"@id\":\"https:\/\/exec.fr\/?p=3255#breadcrumb\",\"itemListElement\":[{\"@type\":\"ListItem\",\"position\":1,\"name\":\"Accueil\",\"item\":\"https:\/\/exec.fr\/\"},{\"@type\":\"ListItem\",\"position\":2,\"name\":\"P\u00e9nurie et hausse des prix de la m\u00e9moire (et du stockage)\"}]},{\"@type\":\"Article\",\"@id\":\"https:\/\/exec.fr\/?p=3255#article\",\"isPartOf\":{\"@id\":\"https:\/\/exec.fr\/?p=3255#webpage\"},\"author\":{\"@id\":\"https:\/\/exec.fr\/#\/schema\/person\/0bafb8fee301cab8d6fb6d5db6765000\"},\"headline\":\"P\u00e9nurie et hausse des prix de la m\u00e9moire (et du stockage)\",\"datePublished\":\"2026-03-10T09:10:09+00:00\",\"dateModified\":\"2026-03-27T13:28:06+00:00\",\"mainEntityOfPage\":{\"@id\":\"https:\/\/exec.fr\/?p=3255#webpage\"},\"wordCount\":81,\"commentCount\":0,\"publisher\":{\"@id\":\"https:\/\/exec.fr\/#organization\"},\"image\":{\"@id\":\"https:\/\/exec.fr\/?p=3255#primaryimage\"},\"thumbnailUrl\":\"https:\/\/exec.fr\/wp-content\/uploads\/2026\/03\/1772750024131.jpg\",\"articleSection\":[\"Actualit\u00e9\",\"IA\"],\"inLanguage\":\"fr-FR\",\"potentialAction\":[{\"@type\":\"CommentAction\",\"name\":\"Comment\",\"target\":[\"https:\/\/exec.fr\/?p=3255#respond\"]}]},{\"@type\":\"Person\",\"@id\":\"https:\/\/exec.fr\/#\/schema\/person\/0bafb8fee301cab8d6fb6d5db6765000\",\"name\":\"Jeff\",\"image\":{\"@type\":\"ImageObject\",\"@id\":\"https:\/\/exec.fr\/#personlogo\",\"inLanguage\":\"fr-FR\",\"url\":\"https:\/\/secure.gravatar.com\/avatar\/bce2240df206d7f6d26761a375fd6632?s=96&d=mm&r=g\",\"contentUrl\":\"https:\/\/secure.gravatar.com\/avatar\/bce2240df206d7f6d26761a375fd6632?s=96&d=mm&r=g\",\"caption\":\"Jeff\"}}]}<\/script>\n<!-- \/ Yoast SEO plugin. -->","yoast_head_json":{"title":"P\u00e9nurie et hausse des prix de la m\u00e9moire (et du stockage) - EXEC","description":"hausse tarif m\u00e9moire composants barrettes","robots":{"index":"index","follow":"follow","max-snippet":"max-snippet:-1","max-image-preview":"max-image-preview:large","max-video-preview":"max-video-preview:-1"},"canonical":"https:\/\/exec.fr\/?p=3255","og_locale":"fr_FR","og_type":"article","og_title":"P\u00e9nurie et hausse des prix de la m\u00e9moire (et du stockage) - EXEC","og_description":"hausse tarif m\u00e9moire composants barrettes","og_url":"https:\/\/exec.fr\/?p=3255","og_site_name":"EXEC","article_published_time":"2026-03-10T09:10:09+00:00","article_modified_time":"2026-03-27T13:28:06+00:00","og_image":[{"width":800,"height":436,"url":"https:\/\/exec.fr\/wp-content\/uploads\/2026\/03\/1772750024131.jpg","type":"image\/jpeg"}],"twitter_card":"summary_large_image","twitter_misc":{"\u00c9crit par":"Jeff","Dur\u00e9e de lecture estim\u00e9e":"1 minute"},"schema":{"@context":"https:\/\/schema.org","@graph":[{"@type":"Organization","@id":"https:\/\/exec.fr\/#organization","name":"EXEC","url":"https:\/\/exec.fr\/","sameAs":[],"logo":{"@type":"ImageObject","@id":"https:\/\/exec.fr\/#logo","inLanguage":"fr-FR","url":"https:\/\/exec.fr\/wp-content\/uploads\/2018\/03\/execlogo.png","contentUrl":"https:\/\/exec.fr\/wp-content\/uploads\/2018\/03\/execlogo.png","width":315,"height":222,"caption":"EXEC"},"image":{"@id":"https:\/\/exec.fr\/#logo"}},{"@type":"WebSite","@id":"https:\/\/exec.fr\/#website","url":"https:\/\/exec.fr\/","name":"EXEC","description":"Prestataire informatique PME | Infrastructure IT, Services Manag\u00e9s, Infog\u00e9rance, Cloud &amp; Cybers\u00e9curit\u00e9 \u2013 EXEC","publisher":{"@id":"https:\/\/exec.fr\/#organization"},"potentialAction":[{"@type":"SearchAction","target":{"@type":"EntryPoint","urlTemplate":"https:\/\/exec.fr\/?s={search_term_string}"},"query-input":"required name=search_term_string"}],"inLanguage":"fr-FR"},{"@type":"ImageObject","@id":"https:\/\/exec.fr\/?p=3255#primaryimage","inLanguage":"fr-FR","url":"https:\/\/exec.fr\/wp-content\/uploads\/2026\/03\/1772750024131.jpg","contentUrl":"https:\/\/exec.fr\/wp-content\/uploads\/2026\/03\/1772750024131.jpg","width":800,"height":436,"caption":"Inflation de la RAM"},{"@type":"WebPage","@id":"https:\/\/exec.fr\/?p=3255#webpage","url":"https:\/\/exec.fr\/?p=3255","name":"P\u00e9nurie et hausse des prix de la m\u00e9moire (et du stockage) - EXEC","isPartOf":{"@id":"https:\/\/exec.fr\/#website"},"primaryImageOfPage":{"@id":"https:\/\/exec.fr\/?p=3255#primaryimage"},"datePublished":"2026-03-10T09:10:09+00:00","dateModified":"2026-03-27T13:28:06+00:00","description":"hausse tarif m\u00e9moire composants barrettes","breadcrumb":{"@id":"https:\/\/exec.fr\/?p=3255#breadcrumb"},"inLanguage":"fr-FR","potentialAction":[{"@type":"ReadAction","target":["https:\/\/exec.fr\/?p=3255"]}]},{"@type":"BreadcrumbList","@id":"https:\/\/exec.fr\/?p=3255#breadcrumb","itemListElement":[{"@type":"ListItem","position":1,"name":"Accueil","item":"https:\/\/exec.fr\/"},{"@type":"ListItem","position":2,"name":"P\u00e9nurie et hausse des prix de la m\u00e9moire (et du stockage)"}]},{"@type":"Article","@id":"https:\/\/exec.fr\/?p=3255#article","isPartOf":{"@id":"https:\/\/exec.fr\/?p=3255#webpage"},"author":{"@id":"https:\/\/exec.fr\/#\/schema\/person\/0bafb8fee301cab8d6fb6d5db6765000"},"headline":"P\u00e9nurie et hausse des prix de la m\u00e9moire (et du stockage)","datePublished":"2026-03-10T09:10:09+00:00","dateModified":"2026-03-27T13:28:06+00:00","mainEntityOfPage":{"@id":"https:\/\/exec.fr\/?p=3255#webpage"},"wordCount":81,"commentCount":0,"publisher":{"@id":"https:\/\/exec.fr\/#organization"},"image":{"@id":"https:\/\/exec.fr\/?p=3255#primaryimage"},"thumbnailUrl":"https:\/\/exec.fr\/wp-content\/uploads\/2026\/03\/1772750024131.jpg","articleSection":["Actualit\u00e9","IA"],"inLanguage":"fr-FR","potentialAction":[{"@type":"CommentAction","name":"Comment","target":["https:\/\/exec.fr\/?p=3255#respond"]}]},{"@type":"Person","@id":"https:\/\/exec.fr\/#\/schema\/person\/0bafb8fee301cab8d6fb6d5db6765000","name":"Jeff","image":{"@type":"ImageObject","@id":"https:\/\/exec.fr\/#personlogo","inLanguage":"fr-FR","url":"https:\/\/secure.gravatar.com\/avatar\/bce2240df206d7f6d26761a375fd6632?s=96&d=mm&r=g","contentUrl":"https:\/\/secure.gravatar.com\/avatar\/bce2240df206d7f6d26761a375fd6632?s=96&d=mm&r=g","caption":"Jeff"}}]}},"_links":{"self":[{"href":"https:\/\/exec.fr\/index.php?rest_route=\/wp\/v2\/posts\/3255"}],"collection":[{"href":"https:\/\/exec.fr\/index.php?rest_route=\/wp\/v2\/posts"}],"about":[{"href":"https:\/\/exec.fr\/index.php?rest_route=\/wp\/v2\/types\/post"}],"author":[{"embeddable":true,"href":"https:\/\/exec.fr\/index.php?rest_route=\/wp\/v2\/users\/1"}],"replies":[{"embeddable":true,"href":"https:\/\/exec.fr\/index.php?rest_route=%2Fwp%2Fv2%2Fcomments&post=3255"}],"version-history":[{"count":10,"href":"https:\/\/exec.fr\/index.php?rest_route=\/wp\/v2\/posts\/3255\/revisions"}],"predecessor-version":[{"id":3279,"href":"https:\/\/exec.fr\/index.php?rest_route=\/wp\/v2\/posts\/3255\/revisions\/3279"}],"wp:featuredmedia":[{"embeddable":true,"href":"https:\/\/exec.fr\/index.php?rest_route=\/wp\/v2\/media\/3256"}],"wp:attachment":[{"href":"https:\/\/exec.fr\/index.php?rest_route=%2Fwp%2Fv2%2Fmedia&parent=3255"}],"wp:term":[{"taxonomy":"category","embeddable":true,"href":"https:\/\/exec.fr\/index.php?rest_route=%2Fwp%2Fv2%2Fcategories&post=3255"},{"taxonomy":"post_tag","embeddable":true,"href":"https:\/\/exec.fr\/index.php?rest_route=%2Fwp%2Fv2%2Ftags&post=3255"}],"curies":[{"name":"wp","href":"https:\/\/api.w.org\/{rel}","templated":true}]}}